{"id":1594,"date":"2022-08-23T21:06:00","date_gmt":"2022-08-23T19:06:00","guid":{"rendered":"https:\/\/modellbauclub-buxtehude.pfweb.eu\/?p=1594"},"modified":"2022-08-27T21:21:04","modified_gmt":"2022-08-27T19:21:04","slug":"knaus-camping-park-wingst-tag-der-offenen-tuer","status":"publish","type":"post","link":"https:\/\/web68688.ssd-space.de\/modellbauclub-buxtehude.pfweb.eu\/knaus-camping-park-wingst-tag-der-offenen-tuer\/","title":{"rendered":"Knaus Camping Park Wingst &#8211; Tag der offenen T\u00fcr"},"content":{"rendered":"\n<p>Am 20.08.2022 fand im Camping Park ein Tag der offenen T\u00fcr statt. Im Camping Park befindet sich auch eine kleiner Badeteich der sich gut f\u00fcr Modellboote eignet. Deshalb wurde unser Verein zur Teilnahme eingeladen. Eine Chance, die wir gerne wahrgenommen haben, um unser Hobby vorzustellen.<\/p>\n\n\n\n<p>Mehrere Mitglieder haben Ihre Modelle eingeladen und in der Wingst vorgestellt. Dank des guten Wetters und der interessierten Besucher war es f\u00fcr alle eine sch\u00f6ne Erg\u00e4nzung zum Schippern am See in Buxtehude.<\/p>\n\n\n<p><!--more--><\/p>\n\n<style>\r\n\/*===== general options =========*\/\r\na {\r\n    box-shadow: none !important;\r\n}\r\n\r\n.view *:not(i), .album_categories *, .album_back_button *, #album_disabled_layer {\r\n    font-family: sans-serif, Arial, Verdana, Sylfaen !important;\r\n}\r\n\r\n#album_disabled_layer {\r\n    display: none;\r\n    position: absolute;\r\n    width: 100%;\r\n    height: 100%;\r\n    text-align: center;\r\n    background-color: transparent;\r\n    z-index: 10;\r\n    padding-top: 20px;\r\n    color: #fff;\r\n}\r\n\r\n#album_list_container {\r\n    position: relative;\r\n}\r\n\r\n\/* ====================== album onhover styles ==========================*\/\r\n\r\n#album_list .view {\r\n    -webkit-box-sizing: border-box;\r\n    -moz-box-sizing: border-box;\r\n    -o-box-sizing: border-box;\r\n    display: none;\r\n\r\n}\r\n\r\n.view .mask,\r\n.view .content {\r\n    width: 100%;\r\n    height: 100%;\r\n    position: absolute;\r\n    overflow: hidden;\r\n    top: 0;\r\n    left: 0;\r\n}\r\n\r\n.view h2 {\r\n    text-transform: uppercase;\r\n    color: #fff;\r\n    text-align: center;\r\n    position: relative;\r\n    font-size: 17px;\r\n    font-family: Raleway, serif;\r\n    padding: 10px;\r\n    \/*background: rgba(0, 0, 0, 0.8);*\/\r\n    margin: 20px 0 0 0;\r\n\r\n}\r\n\r\n.album_back_button a, .view a {\r\n    text-decoration: none !important;\r\n}\r\n\r\n.view p {\r\n    font-family: Merriweather, serif;\r\n    font-style: italic;\r\n    font-size: 14px;\r\n    position: relative;\r\n    color: #fff;\r\n    padding: 0px 20px 0px;\r\n    text-align: center;\r\n\r\n}\r\n\r\n.view a.info {\r\n    display: inline-block;\r\n    text-decoration: none;\r\n    font-size: 13px;\r\n    padding: 2px 14px;\r\n    margin-bottom: 3px;\r\n    background: #000;\r\n    color: #fff;\r\n    font-family: Raleway, serif;\r\n    text-transform: uppercase;\r\n    box-shadow: 0 0 1px #000\r\n}\r\n\r\n.mask-text h2 {\r\n    font-size: 20px !important;\r\n}\r\n\r\n.view a.info:hover {\r\n    box-shadow: 0 0 5px #000\r\n}\r\n\r\n.view .mask-bg {\r\n    height: 100%;\r\n}\r\n\r\n.view .album_social {\r\n    color: #fff;\r\n    position: absolute;\r\n    bottom: 3px;\r\n    left: 3px;\r\n    border: 1px solid #ffffff;\r\n    -webkit-border-radius: 3px;\r\n    -moz-border-radius: 3px;\r\n    border-radius: 3px;\r\n    padding: 3px 5px;\r\n\r\n}\r\n\r\n.view .album_social:active, .view .album_social:focus, .view .album_social:hover {\r\n    color: #ffffff;\r\n    outline: none;\r\n}\r\n\r\n\/*1*\/\r\n\r\n.view .info {\r\n    margin-top: 5px;\r\n}\r\n\r\n.view-first .mask {\r\n    opacity: 0;\r\n    background-color: rgba(0, 0, 0, 0.7);\r\n    transition: all 0.4s ease-in-out;\r\n\r\n}\r\n\r\n.view-first h2 {\r\n    transform: translateY(-100px);\r\n    opacity: 0;\r\n    font-family: Raleway, serif;\r\n    transition: all 0.2s ease-in-out;\r\n}\r\n\r\n.view-first p {\r\n    transform: translateY(100px);\r\n    opacity: 0;\r\n    transition: all 0.2s linear;\r\n}\r\n\r\n.view-first a.info {\r\n    opacity: 0;\r\n    transition: all 0.2s ease-in-out;\r\n}\r\n\r\n\/* *\/\r\n\r\n.view-first:hover img {\r\n    \/*transform: scale(1.1);*\/\r\n}\r\n\r\n.view-first:hover .mask {\r\n    opacity: 1;\r\n}\r\n\r\n.view-first:hover h2,\r\n.view-first:hover p,\r\n.view-first:hover a.info {\r\n    opacity: 1;\r\n    transform: translateY(0px);\r\n}\r\n\r\n.view-first:hover p {\r\n    transition-delay: 0.1s;\r\n}\r\n\r\n.view-first:hover a.info {\r\n    transition-delay: 0.2s;\r\n}\r\n\r\n\/*2*\/\r\n.view-second img {\r\n    -webkit-filter: grayscale(0) blur(0);\r\n    filter: grayscale(0) blur(0);\r\n    -webkit-transition: .3s ease-in-out;\r\n    transition: .3s ease-in-out;\r\n}\r\n\r\n.view-second .mask {\r\n    background-color: rgba(226, 200, 127, 0.2);\r\n    transition: all 0.5s linear;\r\n    opacity: 0;\r\n}\r\n\r\n.view-second h2 {\r\n    background: transparent;\r\n    margin: 20px 40px 0px 40px;\r\n    transform: scale(0);\r\n    color: #333;\r\n    transition: all 0.5s linear;\r\n    opacity: 0;\r\n}\r\n\r\n.view-second p {\r\n    opacity: 0;\r\n    transform: scale(0);\r\n    transition: all 0.5s linear;\r\n}\r\n\r\n.view-second a.info {\r\n    opacity: 0;\r\n    transform: scale(0);\r\n    transition: all 0.5s linear;\r\n}\r\n\r\n.view-second:hover img {\r\n    -webkit-filter: grayscale(100%) blur(3px);\r\n    filter: grayscale(100%) blur(3px);\r\n}\r\n\r\n.view-second:hover .mask {\r\n    opacity: 1;\r\n}\r\n\r\n.view-second:hover h2,\r\n.view-second:hover p,\r\n.view-second:hover a.info {\r\n    transform: scale(1);\r\n    opacity: 1;\r\n}\r\n\r\n.view-second img {\r\n    -webkit-filter: grayscale(0) blur(0);\r\n    filter: grayscale(0) blur(0);\r\n    -webkit-transition: .3s ease-in-out;\r\n    transition: .3s ease-in-out;\r\n}\r\n\r\n.view-second:hover img {\r\n    -webkit-filter: grayscale(100%) blur(3px);\r\n    filter: grayscale(100%) blur(3px);\r\n}\r\n\r\n\/*3*\/\r\n\r\n.view-third img {\r\n    transform: scaleY(1);\r\n    transition: all .7s ease-in-out;\r\n}\r\n\r\n.view-third a.info {\r\n    opacity: 0;\r\n    transform: scale(0);\r\n    transition: all 0.5s linear;\r\n}\r\n\r\n.view-third:hover img {\r\n    -webkit-transform: scale(10);\r\n    transform: scale(10);\r\n    opacity: 0;\r\n}\r\n\r\n.view-third:hover .mask {\r\n    opacity: 1;\r\n}\r\n\r\n.view-third:hover h2,\r\n.view-third:hover p,\r\n.view-third:hover a.info {\r\n    transform: scale(1);\r\n    opacity: 1;\r\n}\r\n\r\n\/* ==== view 4 ===*\/\r\n\r\n.view-forth-wrapper {\r\n    overflow: hidden;\r\n    position: relative !important;\r\n    height: 100%;\r\n    \/* cursor: pointer;*\/\r\n}\r\n\r\n.view-forth img {\r\n    max-width: 100%;\r\n    position: relative;\r\n    top: 0;\r\n    -webkit-transition: all 600ms cubic-bezier(0.645, 0.045, 0.355, 1);\r\n    transition: all 600ms cubic-bezier(0.645, 0.045, 0.355, 1);\r\n}\r\n\r\n.view-forth .mask {\r\n    position: absolute;\r\n    width: 100%;\r\n    \/*    height: 70px;*\/\r\n    \/*    bottom: -70px;*\/\r\n    height: 50%;\r\n    bottom: -50%;\r\n    -webkit-transition: all 300ms cubic-bezier(0.645, 0.045, 0.355, 1);\r\n    transition: all 300ms cubic-bezier(0.645, 0.045, 0.355, 1);\r\n    top: inherit;\r\n}\r\n\r\n.view-forth:hover .mask {\r\n    bottom: 0;\r\n}\r\n\r\n.view-forth:hover img {\r\n    top: -30px;\r\n}\r\n\r\n\/*==  view 5 ==*\/\r\n\r\n.view-fifth .view-fifth-wrapper,\r\n.view-fifth .view-fifth-wrapper img {\r\n    display: block;\r\n    position: relative;\r\n}\r\n\r\n.view-fifth .view-fifth-wrapper {\r\n    overflow: hidden;\r\n    height: 100%;\r\n}\r\n\r\n.view-fifth .view-fifth-wrapper .mask {\r\n    display: none;\r\n    position: absolute;\r\n    background: #333;\r\n    background: rgba(75, 75, 75, 0.7);\r\n    width: 100%;\r\n    height: 100%;\r\n}\r\n\r\n\/* ====================== album category styles ==========================*\/\r\n\r\n#filters {\r\n    margin: 1% 0;\r\n    padding: 0;\r\n    list-style: none;\r\n    list-style-type: none !important;\r\n\r\n}\r\n\r\n#filters li {\r\n    float: left;\r\n    list-style-type: none !important;\r\n}\r\n\r\n#filters li:first-child span {\r\n    margin-left: 0px;\r\n}\r\n\r\n#filters li span {\r\n    display: block;\r\n    text-decoration: none;\r\n    cursor: pointer;\r\n}\r\n\r\n.album_categories {\r\n    list-style-type: none;\r\n    margin: 0;\r\n    padding: 0;\r\n    overflow: hidden;\r\n    padding-top: 5px;\r\n}\r\n\r\n\/*=========  sharing buttons  ============*\/\r\n\r\n.album_socials {\r\n    position: relative;\r\n    top: 3px;\r\n    width: 100px;\r\n    height: 28px;\r\n    margin: 0 auto;\r\n}\r\n\r\n.album_socials .rwd-share-buttons {\r\n    top: 0px !important;\r\n    width: 100% !important;\r\n    margin: 0px !important;\r\n}\r\n\r\n.album_socials a {\r\n    text-decoration: underline !important;\r\n}\r\n\r\n.gallery_images, .album_image_place {\r\n    margin-top: 15px;\r\n    margin-top: 15px;\r\n}\r\n\r\n#rwd-share-facebook:hover {\r\n    background-position: 0 -31px !important;\r\n}\r\n\r\n#rwd-share-twitter:hover {\r\n    background-position: -31px 32px !important;\r\n}\r\n\r\n#rwd-share-googleplus:hover {\r\n    background-position: -66px -31px !important;\r\n}\r\n\r\n.rwd-share-buttons li, .rwd-share-buttons li a {\r\n    width: 26px !important;\r\n    border: 0px !important;\r\n}\r\n\r\n.rwd-share-buttons {\r\n    top: 0 !important;\r\n}\r\n\r\n.img_link_btn {\r\n    position: absolute;\r\n    z-index: 99999;\r\n    bottom: 0;\r\n    left: 0;\r\n    right: 0;\r\n    width: 100%;\r\n    padding: 8px;\r\n}\r\n\r\n.rwd-title {\r\n    padding: 10px 0px !important;\r\n}\r\n\r\n@media only screen and (max-width: 475px) {\r\n    .rwd-share-buttons {\r\n        top: -25px !important;\r\n    }\r\n\r\n    .rwd-title-text {\r\n        line-height: 15px;\r\n    }\r\n}\r\n\r\n\/*=========  hover style ===========*\/\r\n\r\n#hover {\r\n    color: rgba(188, 175, 204, 0.9);\r\n}\r\n\r\nh2#testimonials {\r\n    color: #fffae3;\r\n}\r\n\r\ndiv#all {\r\n    width: 100%;\r\n    height: 100%;\r\n}\r\n\r\n.view img {\r\n    height: auto;\r\n}\r\n\r\n.view {\r\n    color: #fff;\r\n    margin: 0 10px 10px 0;\r\n    overflow: hidden;\r\n    position: relative;\r\n    text-align: center;\r\n    float: left;\r\n    cursor: default;\r\n    border: 1px solid #ccc;\r\n}\r\n\r\n.view-wrapper {\r\n    height: 100%;\r\n}\r\n\r\n.view img {\r\n    display: block;\r\n    position: relative;\r\n    transition: all 0.2s linear;\r\n    height: 100%;\r\n    width: auto;\r\n    max-width: 100%;\r\n    margin: 0 auto;\r\n}\r\n\r\n.mask-text h2 {\r\n    font-size: 20px !important;\r\n    margin-top: 20px !important;\r\n}\r\n\r\n\/* view 1 *\/\r\n\r\n.view-first .text-category, .view-first .mask-text h2, .view-first .mask-text p {\r\n    color: #fff;\r\n}\r\n\r\n\/*  view 2 *\/\r\n.view-second .text-category, .view-second .mask-text h2, .view-second p {\r\n    color: #333;\r\n}\r\n\r\n.view-second .mask-text h2 {\r\n    border-bottom: 1px solid #333;\r\n}\r\n\r\n\/* view 3*\/\r\n.view-third .mask {\r\n    background-color: #ccc;\r\n    transition: all 0.5s linear;\r\n    opacity: 0;\r\n    color: #333;\r\n}\r\n\r\n.view-third h2 {\r\n    border-bottom: 1px solid #333;\r\n    background: transparent;\r\n    margin: 20px 40px 0px 40px;\r\n    transform: scale(0);\r\n    color: #333;\r\n    transition: all 0.5s linear;\r\n    opacity: 0;\r\n}\r\n\r\n.view-third p {\r\n    color: #333;\r\n    opacity: 0;\r\n    transform: scale(0);\r\n    transition: all 0.5s linear;\r\n}\r\n\r\n.view-third .text-category {\r\n    color: #333;\r\n}\r\n\r\n\/* view 4 *\/\r\n\r\n.view-forth .mask-bg {\r\n    background: #333;\r\n    width: 100%;\r\n    height: 100%;\r\n    position: absolute;\r\n    top: 0;\r\n    left: 0;\r\n}\r\n\r\n.view-forth .mask-text {\r\n    color: #fff;\r\n    position: relative;\r\n    z-index: 500;\r\n    padding: 5px 8px;\r\n}\r\n\r\n.view-forth .mask-text h2 {\r\n    margin: 0px;\r\n    font-size: 13px;\r\n    padding: 2px;\r\n    color: #fff;\r\n}\r\n\r\n.view-forth .mask-text h2:hover {\r\n    cursor: pointer;\r\n}\r\n\r\n.view-forth .text-category {\r\n    display: block;\r\n    font-size: 15px;\r\n    color: #fff;\r\n}\r\n\r\n.view-forth p {\r\n    color: #fff;\r\n}\r\n\r\n\/* view 5 *\/\r\n.view-fifth .text-category, .view-fifth .text-category *, .view-fifth .mask-text h2, .view-fifth .mask-text p {\r\n    color: #fff;\r\n}\r\n\r\n<\/style>\r\n    <input type=\"hidden\" name=\"view_style\" value=\"view-first\">\r\n\r\n    <section id=\"huge_it_gallery_content_25\" class=\"gallery-img-content\"\r\n             data-gallery-id=\"25\"\r\n             data-content-per-page=\"10\"\r\n             data-rating-type=\"off\">\r\n        <div id=\"huge_it_gallery_container_25\"\r\n             data-show-center=\"off\"\r\n             class=\"huge_it_gallery_container super-list variable-sizes clearfix view-lightbox-gallery\">\r\n            <div id=\"huge_it_gallery_container_moving_25\"\r\n                 class=\"super-list variable-sizes clearfix\">\r\n                <input type=\"hidden\" class=\"pagenum\" value=\"1\"\/>\r\n                                <input type=\"hidden\" id=\"total\" value=\"1\"\/>\r\n                                    <div class=\"view view-first element element_25\" tabindex=\"0\"\r\n                         data-symbol=\"Stadtfest in Aken (bei Dessau)\" data-category=\"alkaline-earth\">\r\n                        <div class=\"view-first-wrapper view-wrapper\">\r\n                                                                                                                <a href=\"https:\/\/web68688.ssd-space.de\/modellbauclub-buxtehude.pfweb.eu\/wp-content\/uploads\/2022\/08\/IMG-20220820-WA0005.jpg\"\r\n                               title=\"Stadtfest in Aken (bei Dessau)\"><img decoding=\"async\"\r\n                                        alt=\"Stadtfest in Aken (bei Dessau)\"\r\n                                        id=\"wd-cl-img0\"\r\n                                        title=\"Stadtfest in Aken (bei Dessau)\"\r\n                                        src=\"https:\/\/web68688.ssd-space.de\/modellbauclub-buxtehude.pfweb.eu\/wp-content\/uploads\/2022\/08\/IMG-20220820-WA0005.jpg\"\/>\r\n                                                                                                        <div class=\"mask\">\r\n                                            <div class=\"mask-text\">\r\n                                                                                                    <h2 >\r\n                                                        Stadtfest in Aken (bei Dessau)                                                    <\/h2>\r\n                                                                                                <span class=\"text-category\"><\/span>\r\n                                            <\/div>\r\n                                            <div class=\"mask-bg\">\r\n                                            <\/div>\r\n                                        <\/div>\r\n                                    <\/a>\r\n                        <\/div>\r\n                        \r\n                    <\/div>\r\n                                        <div class=\"view view-first element element_25\" tabindex=\"0\"\r\n                         data-symbol=\"Stadtfest in Aken (bei Dessau)\" data-category=\"alkaline-earth\">\r\n                        <div class=\"view-first-wrapper view-wrapper\">\r\n                                                                                                                <a href=\"https:\/\/web68688.ssd-space.de\/modellbauclub-buxtehude.pfweb.eu\/wp-content\/uploads\/2022\/08\/IMG-20220820-WA0008.jpg\"\r\n                               title=\"Stadtfest in Aken (bei Dessau)\"><img decoding=\"async\"\r\n                                        alt=\"Stadtfest in Aken (bei Dessau)\"\r\n                                        id=\"wd-cl-img1\"\r\n                                        title=\"Stadtfest in Aken (bei Dessau)\"\r\n                                        src=\"https:\/\/web68688.ssd-space.de\/modellbauclub-buxtehude.pfweb.eu\/wp-content\/uploads\/2022\/08\/IMG-20220820-WA0008.jpg\"\/>\r\n                                                                                                        <div class=\"mask\">\r\n                                            <div class=\"mask-text\">\r\n                                                                                                    <h2 >\r\n                                                        Stadtfest in Aken (bei Dessau)                                                    <\/h2>\r\n                                                                                                <span class=\"text-category\"><\/span>\r\n                                            <\/div>\r\n                                            <div class=\"mask-bg\">\r\n                                            <\/div>\r\n                                        <\/div>\r\n                                    <\/a>\r\n                        <\/div>\r\n                        \r\n                    <\/div>\r\n                                        <div class=\"view view-first element element_25\" tabindex=\"0\"\r\n                         data-symbol=\"Stadtfest in Aken (bei Dessau)\" data-category=\"alkaline-earth\">\r\n                        <div class=\"view-first-wrapper view-wrapper\">\r\n                                                                                                                <a href=\"https:\/\/web68688.ssd-space.de\/modellbauclub-buxtehude.pfweb.eu\/wp-content\/uploads\/2022\/08\/IMG-20220820-WA0010.jpg\"\r\n                               title=\"Stadtfest in Aken (bei Dessau)\"><img decoding=\"async\"\r\n                                        alt=\"Stadtfest in Aken (bei Dessau)\"\r\n                                        id=\"wd-cl-img2\"\r\n                                        title=\"Stadtfest in Aken (bei Dessau)\"\r\n                                        src=\"https:\/\/web68688.ssd-space.de\/modellbauclub-buxtehude.pfweb.eu\/wp-content\/uploads\/2022\/08\/IMG-20220820-WA0010.jpg\"\/>\r\n                                                                                                        <div class=\"mask\">\r\n                                            <div class=\"mask-text\">\r\n                                                                                                    <h2 >\r\n                                                        Stadtfest in Aken (bei Dessau)                                                    <\/h2>\r\n                                                                                                <span class=\"text-category\"><\/span>\r\n                                            <\/div>\r\n                                            <div class=\"mask-bg\">\r\n                                            <\/div>\r\n                                        <\/div>\r\n                                    <\/a>\r\n                        <\/div>\r\n                        \r\n                    <\/div>\r\n                                        <div class=\"view view-first element element_25\" tabindex=\"0\"\r\n                         data-symbol=\"Stadtfest in Aken (bei Dessau)\" data-category=\"alkaline-earth\">\r\n                        <div class=\"view-first-wrapper view-wrapper\">\r\n                                                                                                                <a href=\"https:\/\/web68688.ssd-space.de\/modellbauclub-buxtehude.pfweb.eu\/wp-content\/uploads\/2022\/08\/IMG-20220820-WA0011.jpg\"\r\n                               title=\"Stadtfest in Aken (bei Dessau)\"><img decoding=\"async\"\r\n                                        alt=\"Stadtfest in Aken (bei Dessau)\"\r\n                                        id=\"wd-cl-img3\"\r\n                                        title=\"Stadtfest in Aken (bei Dessau)\"\r\n                                        src=\"https:\/\/web68688.ssd-space.de\/modellbauclub-buxtehude.pfweb.eu\/wp-content\/uploads\/2022\/08\/IMG-20220820-WA0011.jpg\"\/>\r\n                                                                                                        <div class=\"mask\">\r\n                                            <div class=\"mask-text\">\r\n                                                                                                    <h2 >\r\n                                                        Stadtfest in Aken (bei Dessau)                                                    <\/h2>\r\n                                                                                                <span class=\"text-category\"><\/span>\r\n                                            <\/div>\r\n                                            <div class=\"mask-bg\">\r\n                                            <\/div>\r\n                                        <\/div>\r\n                                    <\/a>\r\n                        <\/div>\r\n                        \r\n                    <\/div>\r\n                                <\/div>\r\n            <div class=\"clear\"><\/div>\r\n        <\/div>\r\n        \r\n\r\n    <\/section>\r\n\r\n<style>\r\n.gallery-img-content .clear {\r\n    clear: both;\r\n}\r\n.gallery-img-content a{\r\n    border-bottom: none;\r\n}\r\n.element_25 {\r\n    max-width:275px;\r\n    margin:0 2px 10px 0;\r\n    border:0px solid #eeeeee;\r\n    border-radius:3px;\r\n    outline:none;\r\n    overflow:hidden;\r\n}\r\n.element_25 .image-block_25 {\r\n    position:relative;\r\n    width: 100%;\r\n\twidth:275px;\r\n    max-width:275px;\r\n}\r\n.element_25 .image-block_25 a {display:block;}\r\n.element_25 .image-block_25 img {\r\n    width: 100%;\r\n    max-width:275px !important;\r\n    height:auto;\r\n    display:block;\r\n    border-radius: 0 !important;\r\n    box-shadow: 0 0 0 rgba(0, 0, 0, 0) !important;\r\n}\r\n.element_25 .image-block_25 img:hover {\r\n    cursor: -webkit-zoom-in; cursor: -moz-zoom-in;\r\n}\r\n.element_25 .image-block_25 .play-icon {\r\n    position:absolute;\r\n    top:0;\r\n    left:0;\r\n    width:100%;\r\n    height:100%;\r\n}\r\n\r\n.element_25:hover .title-block_25 {bottom:0;}\r\n.element_25 .title-block_25 a, .element_25 .title-block_25 a:link, .element_25 .title-block_25 a:visited, .element_25 .title-block_25 {\r\n    position:relative;\r\n    margin:0;\r\n    padding:0 1% 0 2%;\r\n    width:97%;\r\n    text-decoration:none !important;\r\n    text-overflow: ellipsis;\r\n    overflow: hidden;\r\n    white-space:nowrap;\r\n    z-index:20;\r\n    font-size: 16px;\r\n    color:#0074A2;\r\n    font-weight:normal;\r\n}\r\n.element_25 .image-block_25  .play-icon.youtube-icon {background:url(https:\/\/web68688.ssd-space.de\/modellbauclub-buxtehude.pfweb.eu\/wp-content\/plugins\/gallery-images\/assets\/images..\/admin_images\/play.youtube.png) center center no-repeat;}\r\n.element_25 .image-block_25  .play-icon.vimeo-icon {background:url(https:\/\/web68688.ssd-space.de\/modellbauclub-buxtehude.pfweb.eu\/wp-content\/plugins\/gallery-images\/assets\/images..\/admin_images\/play.vimeo.png) center center no-repeat;}\r\n.element_25 .title-block_25 {\r\n    position:absolute;\r\n    left:0;\r\n    width:100%;\r\n    padding-top:5px;\r\n    height: 36px;\r\n    bottom:-41px;\r\n    background: rgba(0,0,0,0.8)  !important;\r\n    -webkit-transition: bottom 0.3s ease-out 0.1s;\r\n    -moz-transition: bottom 0.3s ease-out 0.1s;\r\n    -o-transition: bottom 0.3s ease-out 0.1s;\r\n    transition: bottom 0.3s ease-out 0.1s;\r\n}\r\n.element_25 .title-block_25 a:hover, .element_25 .title-block_25 a:focus, .element_25 .title-block_25 a:active {\r\n    color:#2EA2CD;\r\n    text-decoration:none;\r\n}\r\n.load_more4 {\r\n    margin: 10px 0;\r\n    position:relative;\r\n    text-align:center;\r\n    width:100%;\r\n}\r\n.load_more_button4 {\r\n    border-radius: 10px;\r\n    display:inline-block;\r\n    padding:5px 15px;\r\n    font-size:16px !important;;\r\n    color:#FF0D0D !important;;\r\n    background:#5CADFF !important;\r\n    cursor:pointer;\r\n}\r\n.load_more_button4:hover{\r\n    color:#FF4040 !important;\r\n    background:#99C5FF !important;\r\n}\r\n.loading4 {\r\n    display:none;\r\n}\r\n.paginate4{\r\n    font-size:19px !important;\r\n    color:#FF2C2C !important;\r\n    text-align: center;\r\n    margin-top: 25px;\r\n}\r\n.paginate4 a{\r\n    border-bottom: none !important;\r\n}\r\n.icon-style4{\r\n    font-size: 21px !important;\r\n    color:#B82020 !important;\r\n}\r\n.clear{\r\n    clear:both;\r\n}\r\n@media screen and (max-width: 480px){\r\n    .element_25{\r\n        max-width:100% !important;\r\n    }\r\n}\r\n\r\n\r\n.view-wrapper img{\r\n    height:auto;\r\n}\r\n\r\n<\/style>\n<div class=\"shariff shariff-align-center shariff-widget-align-center\" data-services=\"facebook\" data-url=\"https%3A%2F%2Fweb68688.ssd-space.de%2Fmodellbauclub-buxtehude.pfweb.eu%2Fknaus-camping-park-wingst-tag-der-offenen-tuer%2F\" data-timestamp=\"1661635264\" data-backendurl=\"https:\/\/web68688.ssd-space.de\/modellbauclub-buxtehude.pfweb.eu\/wp-json\/shariff\/v1\/share_counts?\"><ul class=\"shariff-buttons theme-grey orientation-horizontal buttonsize-small\"><li class=\"shariff-button mastodon shariff-nocustomcolor\" style=\"background-color:#563ACC\"><a href=\"https:\/\/s2f.kytta.dev\/?text=Knaus%20Camping%20Park%20Wingst%20%E2%80%93%20Tag%20der%20offenen%20T%C3%BCr https%3A%2F%2Fweb68688.ssd-space.de%2Fmodellbauclub-buxtehude.pfweb.eu%2Fknaus-camping-park-wingst-tag-der-offenen-tuer%2F\" title=\"Bei Mastodon teilen\" aria-label=\"Bei Mastodon teilen\" role=\"button\" rel=\"noopener nofollow\" class=\"shariff-link\" style=\"; background-color:#6364FF; color:#fff\" target=\"_blank\"><span class=\"shariff-icon\" style=\"\"><svg width=\"75\" height=\"79\" viewBox=\"0 0 75 79\" fill=\"none\" xmlns=\"http:\/\/www.w3.org\/2000\/svg\"><path d=\"M37.813-.025C32.462-.058 27.114.13 21.79.598c-8.544.621-17.214 5.58-20.203 13.931C-1.12 23.318.408 32.622.465 41.65c.375 7.316.943 14.78 3.392 21.73 4.365 9.465 14.781 14.537 24.782 15.385 7.64.698 15.761-.213 22.517-4.026a54.1 54.1 0 0 0 .01-6.232c-6.855 1.316-14.101 2.609-21.049 1.074-3.883-.88-6.876-4.237-7.25-8.215-1.53-3.988 3.78-.43 5.584-.883 9.048 1.224 18.282.776 27.303-.462 7.044-.837 14.26-4.788 16.65-11.833 2.263-6.135 1.215-12.79 1.698-19.177.06-3.84.09-7.692-.262-11.52C72.596 7.844 63.223.981 53.834.684a219.453 219.453 0 0 0-16.022-.71zm11.294 12.882c5.5-.067 10.801 4.143 11.67 9.653.338 1.48.471 3 .471 4.515v21.088h-8.357c-.07-7.588.153-15.182-.131-22.765-.587-4.368-7.04-5.747-9.672-2.397-2.422 3.04-1.47 7.155-1.67 10.735v6.392h-8.307c-.146-4.996.359-10.045-.404-15.002-1.108-4.218-7.809-5.565-10.094-1.666-1.685 3.046-.712 6.634-.976 9.936v14.767h-8.354c.109-8.165-.238-16.344.215-24.5.674-5.346 5.095-10.389 10.676-10.627 4.902-.739 10.103 2.038 12.053 6.631.375 1.435 1.76 1.932 1.994.084 1.844-3.704 5.501-6.739 9.785-6.771.367-.044.735-.068 1.101-.073z\"\/><defs><linearGradient id=\"paint0_linear_549_34\" x1=\"37.0692\" y1=\"0\" x2=\"37.0692\" y2=\"79\" gradientUnits=\"userSpaceOnUse\"><stop stop-color=\"#6364FF\"\/><stop offset=\"1\" stop-color=\"#563ACC\"\/><\/linearGradient><\/defs><\/svg><\/span><span class=\"shariff-text\">teilen<\/span>&nbsp;<\/a><\/li><li class=\"shariff-button facebook shariff-nocustomcolor\" style=\"background-color:#4273c8\"><a href=\"https:\/\/www.facebook.com\/sharer\/sharer.php?u=https%3A%2F%2Fweb68688.ssd-space.de%2Fmodellbauclub-buxtehude.pfweb.eu%2Fknaus-camping-park-wingst-tag-der-offenen-tuer%2F\" title=\"Bei Facebook teilen\" aria-label=\"Bei Facebook teilen\" role=\"button\" rel=\"nofollow\" class=\"shariff-link\" style=\"; background-color:#3b5998; color:#fff\" target=\"_blank\"><span class=\"shariff-icon\" style=\"\"><svg width=\"32px\" height=\"20px\" xmlns=\"http:\/\/www.w3.org\/2000\/svg\" viewBox=\"0 0 18 32\"><path fill=\"#3b5998\" d=\"M17.1 0.2v4.7h-2.8q-1.5 0-2.1 0.6t-0.5 1.9v3.4h5.2l-0.7 5.3h-4.5v13.6h-5.5v-13.6h-4.5v-5.3h4.5v-3.9q0-3.3 1.9-5.2t5-1.8q2.6 0 4.1 0.2z\"\/><\/svg><\/span><span class=\"shariff-text\">teilen<\/span>&nbsp;<span data-service=\"facebook\" style=\"color:#3b5998\" class=\"shariff-count shariff-hidezero\"><\/span>&nbsp;<\/a><\/li><li class=\"shariff-button linkedin shariff-nocustomcolor\" style=\"background-color:#1488bf\"><a href=\"https:\/\/www.linkedin.com\/sharing\/share-offsite\/?url=https%3A%2F%2Fweb68688.ssd-space.de%2Fmodellbauclub-buxtehude.pfweb.eu%2Fknaus-camping-park-wingst-tag-der-offenen-tuer%2F\" title=\"Bei LinkedIn teilen\" aria-label=\"Bei LinkedIn teilen\" role=\"button\" rel=\"noopener nofollow\" class=\"shariff-link\" style=\"; background-color:#0077b5; color:#fff\" target=\"_blank\"><span class=\"shariff-icon\" style=\"\"><svg width=\"32px\" height=\"20px\" xmlns=\"http:\/\/www.w3.org\/2000\/svg\" viewBox=\"0 0 27 32\"><path fill=\"#0077b5\" d=\"M6.2 11.2v17.7h-5.9v-17.7h5.9zM6.6 5.7q0 1.3-0.9 2.2t-2.4 0.9h0q-1.5 0-2.4-0.9t-0.9-2.2 0.9-2.2 2.4-0.9 2.4 0.9 0.9 2.2zM27.4 18.7v10.1h-5.9v-9.5q0-1.9-0.7-2.9t-2.3-1.1q-1.1 0-1.9 0.6t-1.2 1.5q-0.2 0.5-0.2 1.4v9.9h-5.9q0-7.1 0-11.6t0-5.3l0-0.9h5.9v2.6h0q0.4-0.6 0.7-1t1-0.9 1.6-0.8 2-0.3q3 0 4.9 2t1.9 6z\"\/><\/svg><\/span><span class=\"shariff-text\">teilen<\/span>&nbsp;<\/a><\/li><li class=\"shariff-button info shariff-nocustomcolor\" style=\"background-color:#a8a8a8\"><a href=\"http:\/\/ct.de\/-2467514\" title=\"Weitere Informationen\" aria-label=\"Weitere Informationen\" role=\"button\" rel=\"noopener \" class=\"shariff-link\" style=\"; background-color:#999; color:#fff\" target=\"_blank\"><span class=\"shariff-icon\" style=\"\"><svg width=\"32px\" height=\"20px\" xmlns=\"http:\/\/www.w3.org\/2000\/svg\" viewBox=\"0 0 11 32\"><path fill=\"#999\" d=\"M11.4 24v2.3q0 0.5-0.3 0.8t-0.8 0.4h-9.1q-0.5 0-0.8-0.4t-0.4-0.8v-2.3q0-0.5 0.4-0.8t0.8-0.4h1.1v-6.8h-1.1q-0.5 0-0.8-0.4t-0.4-0.8v-2.3q0-0.5 0.4-0.8t0.8-0.4h6.8q0.5 0 0.8 0.4t0.4 0.8v10.3h1.1q0.5 0 0.8 0.4t0.3 0.8zM9.2 3.4v3.4q0 0.5-0.4 0.8t-0.8 0.4h-4.6q-0.4 0-0.8-0.4t-0.4-0.8v-3.4q0-0.4 0.4-0.8t0.8-0.4h4.6q0.5 0 0.8 0.4t0.4 0.8z\"\/><\/svg><\/span><\/a><\/li><\/ul><\/div>","protected":false},"excerpt":{"rendered":"<p>Am 20.08.2022 fand im Camping Park ein Tag der offenen T\u00fcr statt. Im Camping Park befindet sich auch eine kleiner Badeteich der sich gut f\u00fcr Modellboote eignet. Deshalb wurde unser [&hellip;]<\/p>\n","protected":false},"author":5,"featured_media":113,"comment_status":"open","ping_status":"open","sticky":false,"template":"single-full.php","format":"standard","meta":{"_EventAllDay":false,"_EventTimezone":"","_EventStartDate":"","_EventEndDate":"","_EventStartDateUTC":"","_EventEndDateUTC":"","_EventShowMap":false,"_EventShowMapLink":false,"_EventURL":"","_EventCost":"","_EventCostDescription":"","_EventCurrencySymbol":"","_EventCurrencyCode":"","_EventCurrencyPosition":"","_EventDateTimeSeparator":"","_EventTimeRangeSeparator":"","_EventOrganizerID":[],"_EventVenueID":[],"_OrganizerEmail":"","_OrganizerPhone":"","_OrganizerWebsite":"","_VenueAddress":"","_VenueCity":"","_VenueCountry":"","_VenueProvince":"","_VenueState":"","_VenueZip":"","_VenuePhone":"","_VenueURL":"","_VenueStateProvince":"","_VenueLat":"","_VenueLng":"","_VenueShowMap":false,"_VenueShowMapLink":false,"footnotes":""},"categories":[33,37,65,63],"tags":[61,29,75],"class_list":["post-1594","post","type-post","status-publish","format-standard","has-post-thumbnail","hentry","category-externe-termine","category-modellbauer-on-tour","category-rc-modellbau","category-schiffsmodellbau","tag-rc-modellbau","tag-schaufahren","tag-schiffsmodelle"],"yoast_head":"<!-- This site is optimized with the Yoast SEO plugin v27.3 - https:\/\/yoast.com\/product\/yoast-seo-wordpress\/ -->\n<title>Knaus Camping Park Wingst - Tag der offenen T\u00fcr - Modellbauclub Buxtehude e.V.<\/title>\n<meta name=\"robots\" content=\"index, follow, max-snippet:-1, max-image-preview:large, max-video-preview:-1\" \/>\n<link rel=\"canonical\" href=\"https:\/\/web68688.ssd-space.de\/modellbauclub-buxtehude.pfweb.eu\/knaus-camping-park-wingst-tag-der-offenen-tuer\/\" \/>\n<meta property=\"og:locale\" content=\"de_DE\" \/>\n<meta property=\"og:type\" content=\"article\" \/>\n<meta property=\"og:title\" content=\"Knaus Camping Park Wingst - Tag der offenen T\u00fcr - Modellbauclub Buxtehude e.V.\" \/>\n<meta property=\"og:description\" content=\"Am 20.08.2022 fand im Camping Park ein Tag der offenen T\u00fcr statt. Im Camping Park befindet sich auch eine kleiner Badeteich der sich gut f\u00fcr Modellboote eignet. Deshalb wurde unser [&hellip;]\" \/>\n<meta property=\"og:url\" content=\"https:\/\/web68688.ssd-space.de\/modellbauclub-buxtehude.pfweb.eu\/knaus-camping-park-wingst-tag-der-offenen-tuer\/\" \/>\n<meta property=\"og:site_name\" content=\"Modellbauclub Buxtehude e.V.\" \/>\n<meta property=\"article:publisher\" content=\"https:\/\/www.facebook.com\/Modellbauclub.buxtehude\/?ref=page_internal\" \/>\n<meta property=\"article:published_time\" content=\"2022-08-23T19:06:00+00:00\" \/>\n<meta property=\"article:modified_time\" content=\"2022-08-27T19:21:04+00:00\" \/>\n<meta property=\"og:image\" content=\"https:\/\/web68688.ssd-space.de\/modellbauclub-buxtehude.pfweb.eu\/wp-content\/uploads\/2017\/02\/mcb_logo_farbig.png\" \/>\n\t<meta property=\"og:image:width\" content=\"354\" \/>\n\t<meta property=\"og:image:height\" content=\"365\" \/>\n\t<meta property=\"og:image:type\" content=\"image\/png\" \/>\n<meta name=\"author\" content=\"Dieter Eilers\" \/>\n<meta name=\"twitter:card\" content=\"summary_large_image\" \/>\n<meta name=\"twitter:label1\" content=\"Verfasst von\" \/>\n\t<meta name=\"twitter:data1\" content=\"Dieter Eilers\" \/>\n\t<meta name=\"twitter:label2\" content=\"Gesch\u00e4tzte Lesezeit\" \/>\n\t<meta name=\"twitter:data2\" content=\"1\u00a0Minute\" \/>\n<script type=\"application\/ld+json\" class=\"yoast-schema-graph\">{\"@context\":\"https:\\\/\\\/schema.org\",\"@graph\":[{\"@type\":\"Article\",\"@id\":\"https:\\\/\\\/web68688.ssd-space.de\\\/modellbauclub-buxtehude.pfweb.eu\\\/knaus-camping-park-wingst-tag-der-offenen-tuer\\\/#article\",\"isPartOf\":{\"@id\":\"https:\\\/\\\/web68688.ssd-space.de\\\/modellbauclub-buxtehude.pfweb.eu\\\/knaus-camping-park-wingst-tag-der-offenen-tuer\\\/\"},\"author\":{\"name\":\"Dieter Eilers\",\"@id\":\"https:\\\/\\\/web68688.ssd-space.de\\\/modellbauclub-buxtehude.pfweb.eu\\\/#\\\/schema\\\/person\\\/65fe5f8a11fbe351ee5717fbbdbc9d2d\"},\"headline\":\"Knaus Camping Park Wingst &#8211; Tag der offenen T\u00fcr\",\"datePublished\":\"2022-08-23T19:06:00+00:00\",\"dateModified\":\"2022-08-27T19:21:04+00:00\",\"mainEntityOfPage\":{\"@id\":\"https:\\\/\\\/web68688.ssd-space.de\\\/modellbauclub-buxtehude.pfweb.eu\\\/knaus-camping-park-wingst-tag-der-offenen-tuer\\\/\"},\"wordCount\":95,\"commentCount\":0,\"publisher\":{\"@id\":\"https:\\\/\\\/web68688.ssd-space.de\\\/modellbauclub-buxtehude.pfweb.eu\\\/#organization\"},\"image\":{\"@id\":\"https:\\\/\\\/web68688.ssd-space.de\\\/modellbauclub-buxtehude.pfweb.eu\\\/knaus-camping-park-wingst-tag-der-offenen-tuer\\\/#primaryimage\"},\"thumbnailUrl\":\"https:\\\/\\\/web68688.ssd-space.de\\\/modellbauclub-buxtehude.pfweb.eu\\\/wp-content\\\/uploads\\\/2017\\\/02\\\/mcb_logo_farbig.png\",\"keywords\":[\"RC-Modellbau\",\"Schaufahren\",\"Schiffsmodelle\"],\"articleSection\":[\"Externe Termine\",\"Modellbauer on Tour\",\"RC-Modellbau\",\"Schiffsmodellbau\"],\"inLanguage\":\"de\",\"potentialAction\":[{\"@type\":\"CommentAction\",\"name\":\"Comment\",\"target\":[\"https:\\\/\\\/web68688.ssd-space.de\\\/modellbauclub-buxtehude.pfweb.eu\\\/knaus-camping-park-wingst-tag-der-offenen-tuer\\\/#respond\"]}]},{\"@type\":\"WebPage\",\"@id\":\"https:\\\/\\\/web68688.ssd-space.de\\\/modellbauclub-buxtehude.pfweb.eu\\\/knaus-camping-park-wingst-tag-der-offenen-tuer\\\/\",\"url\":\"https:\\\/\\\/web68688.ssd-space.de\\\/modellbauclub-buxtehude.pfweb.eu\\\/knaus-camping-park-wingst-tag-der-offenen-tuer\\\/\",\"name\":\"Knaus Camping Park Wingst - Tag der offenen T\u00fcr - Modellbauclub Buxtehude e.V.\",\"isPartOf\":{\"@id\":\"https:\\\/\\\/web68688.ssd-space.de\\\/modellbauclub-buxtehude.pfweb.eu\\\/#website\"},\"primaryImageOfPage\":{\"@id\":\"https:\\\/\\\/web68688.ssd-space.de\\\/modellbauclub-buxtehude.pfweb.eu\\\/knaus-camping-park-wingst-tag-der-offenen-tuer\\\/#primaryimage\"},\"image\":{\"@id\":\"https:\\\/\\\/web68688.ssd-space.de\\\/modellbauclub-buxtehude.pfweb.eu\\\/knaus-camping-park-wingst-tag-der-offenen-tuer\\\/#primaryimage\"},\"thumbnailUrl\":\"https:\\\/\\\/web68688.ssd-space.de\\\/modellbauclub-buxtehude.pfweb.eu\\\/wp-content\\\/uploads\\\/2017\\\/02\\\/mcb_logo_farbig.png\",\"datePublished\":\"2022-08-23T19:06:00+00:00\",\"dateModified\":\"2022-08-27T19:21:04+00:00\",\"breadcrumb\":{\"@id\":\"https:\\\/\\\/web68688.ssd-space.de\\\/modellbauclub-buxtehude.pfweb.eu\\\/knaus-camping-park-wingst-tag-der-offenen-tuer\\\/#breadcrumb\"},\"inLanguage\":\"de\",\"potentialAction\":[{\"@type\":\"ReadAction\",\"target\":[\"https:\\\/\\\/web68688.ssd-space.de\\\/modellbauclub-buxtehude.pfweb.eu\\\/knaus-camping-park-wingst-tag-der-offenen-tuer\\\/\"]}]},{\"@type\":\"ImageObject\",\"inLanguage\":\"de\",\"@id\":\"https:\\\/\\\/web68688.ssd-space.de\\\/modellbauclub-buxtehude.pfweb.eu\\\/knaus-camping-park-wingst-tag-der-offenen-tuer\\\/#primaryimage\",\"url\":\"https:\\\/\\\/web68688.ssd-space.de\\\/modellbauclub-buxtehude.pfweb.eu\\\/wp-content\\\/uploads\\\/2017\\\/02\\\/mcb_logo_farbig.png\",\"contentUrl\":\"https:\\\/\\\/web68688.ssd-space.de\\\/modellbauclub-buxtehude.pfweb.eu\\\/wp-content\\\/uploads\\\/2017\\\/02\\\/mcb_logo_farbig.png\",\"width\":354,\"height\":365,\"caption\":\"MCB-Logo\"},{\"@type\":\"BreadcrumbList\",\"@id\":\"https:\\\/\\\/web68688.ssd-space.de\\\/modellbauclub-buxtehude.pfweb.eu\\\/knaus-camping-park-wingst-tag-der-offenen-tuer\\\/#breadcrumb\",\"itemListElement\":[{\"@type\":\"ListItem\",\"position\":1,\"name\":\"Startseite\",\"item\":\"https:\\\/\\\/web68688.ssd-space.de\\\/modellbauclub-buxtehude.pfweb.eu\\\/\"},{\"@type\":\"ListItem\",\"position\":2,\"name\":\"Knaus Camping Park Wingst &#8211; Tag der offenen T\u00fcr\"}]},{\"@type\":\"WebSite\",\"@id\":\"https:\\\/\\\/web68688.ssd-space.de\\\/modellbauclub-buxtehude.pfweb.eu\\\/#website\",\"url\":\"https:\\\/\\\/web68688.ssd-space.de\\\/modellbauclub-buxtehude.pfweb.eu\\\/\",\"name\":\"Modellbauclub Buxtehude e.V.\",\"description\":\"Willkommen auf unserer Homepage\",\"publisher\":{\"@id\":\"https:\\\/\\\/web68688.ssd-space.de\\\/modellbauclub-buxtehude.pfweb.eu\\\/#organization\"},\"potentialAction\":[{\"@type\":\"SearchAction\",\"target\":{\"@type\":\"EntryPoint\",\"urlTemplate\":\"https:\\\/\\\/web68688.ssd-space.de\\\/modellbauclub-buxtehude.pfweb.eu\\\/?s={search_term_string}\"},\"query-input\":{\"@type\":\"PropertyValueSpecification\",\"valueRequired\":true,\"valueName\":\"search_term_string\"}}],\"inLanguage\":\"de\"},{\"@type\":\"Organization\",\"@id\":\"https:\\\/\\\/web68688.ssd-space.de\\\/modellbauclub-buxtehude.pfweb.eu\\\/#organization\",\"name\":\"Modellbauclub Buxtehude e.V.\",\"url\":\"https:\\\/\\\/web68688.ssd-space.de\\\/modellbauclub-buxtehude.pfweb.eu\\\/\",\"logo\":{\"@type\":\"ImageObject\",\"inLanguage\":\"de\",\"@id\":\"https:\\\/\\\/web68688.ssd-space.de\\\/modellbauclub-buxtehude.pfweb.eu\\\/#\\\/schema\\\/logo\\\/image\\\/\",\"url\":\"https:\\\/\\\/web68688.ssd-space.de\\\/modellbauclub-buxtehude.pfweb.eu\\\/wp-content\\\/uploads\\\/2017\\\/02\\\/mcb_logo_farbig.png\",\"contentUrl\":\"https:\\\/\\\/web68688.ssd-space.de\\\/modellbauclub-buxtehude.pfweb.eu\\\/wp-content\\\/uploads\\\/2017\\\/02\\\/mcb_logo_farbig.png\",\"width\":354,\"height\":365,\"caption\":\"Modellbauclub Buxtehude e.V.\"},\"image\":{\"@id\":\"https:\\\/\\\/web68688.ssd-space.de\\\/modellbauclub-buxtehude.pfweb.eu\\\/#\\\/schema\\\/logo\\\/image\\\/\"},\"sameAs\":[\"https:\\\/\\\/www.facebook.com\\\/Modellbauclub.buxtehude\\\/?ref=page_internal\"]},{\"@type\":\"Person\",\"@id\":\"https:\\\/\\\/web68688.ssd-space.de\\\/modellbauclub-buxtehude.pfweb.eu\\\/#\\\/schema\\\/person\\\/65fe5f8a11fbe351ee5717fbbdbc9d2d\",\"name\":\"Dieter Eilers\",\"image\":{\"@type\":\"ImageObject\",\"inLanguage\":\"de\",\"@id\":\"https:\\\/\\\/secure.gravatar.com\\\/avatar\\\/1f223e248bd83f9ea6fcbfcb2617f15e5172fd06ecc3c0daeec702d18d44659b?s=96&d=mm&r=g\",\"url\":\"https:\\\/\\\/secure.gravatar.com\\\/avatar\\\/1f223e248bd83f9ea6fcbfcb2617f15e5172fd06ecc3c0daeec702d18d44659b?s=96&d=mm&r=g\",\"contentUrl\":\"https:\\\/\\\/secure.gravatar.com\\\/avatar\\\/1f223e248bd83f9ea6fcbfcb2617f15e5172fd06ecc3c0daeec702d18d44659b?s=96&d=mm&r=g\",\"caption\":\"Dieter Eilers\"},\"url\":\"https:\\\/\\\/web68688.ssd-space.de\\\/modellbauclub-buxtehude.pfweb.eu\\\/author\\\/dieter\\\/\"}]}<\/script>\n<!-- \/ Yoast SEO plugin. -->","yoast_head_json":{"title":"Knaus Camping Park Wingst - Tag der offenen T\u00fcr - Modellbauclub Buxtehude e.V.","robots":{"index":"index","follow":"follow","max-snippet":"max-snippet:-1","max-image-preview":"max-image-preview:large","max-video-preview":"max-video-preview:-1"},"canonical":"https:\/\/web68688.ssd-space.de\/modellbauclub-buxtehude.pfweb.eu\/knaus-camping-park-wingst-tag-der-offenen-tuer\/","og_locale":"de_DE","og_type":"article","og_title":"Knaus Camping Park Wingst - Tag der offenen T\u00fcr - Modellbauclub Buxtehude e.V.","og_description":"Am 20.08.2022 fand im Camping Park ein Tag der offenen T\u00fcr statt. Im Camping Park befindet sich auch eine kleiner Badeteich der sich gut f\u00fcr Modellboote eignet. Deshalb wurde unser [&hellip;]","og_url":"https:\/\/web68688.ssd-space.de\/modellbauclub-buxtehude.pfweb.eu\/knaus-camping-park-wingst-tag-der-offenen-tuer\/","og_site_name":"Modellbauclub Buxtehude e.V.","article_publisher":"https:\/\/www.facebook.com\/Modellbauclub.buxtehude\/?ref=page_internal","article_published_time":"2022-08-23T19:06:00+00:00","article_modified_time":"2022-08-27T19:21:04+00:00","og_image":[{"width":354,"height":365,"url":"https:\/\/web68688.ssd-space.de\/modellbauclub-buxtehude.pfweb.eu\/wp-content\/uploads\/2017\/02\/mcb_logo_farbig.png","type":"image\/png"}],"author":"Dieter Eilers","twitter_card":"summary_large_image","twitter_misc":{"Verfasst von":"Dieter Eilers","Gesch\u00e4tzte Lesezeit":"1\u00a0Minute"},"schema":{"@context":"https:\/\/schema.org","@graph":[{"@type":"Article","@id":"https:\/\/web68688.ssd-space.de\/modellbauclub-buxtehude.pfweb.eu\/knaus-camping-park-wingst-tag-der-offenen-tuer\/#article","isPartOf":{"@id":"https:\/\/web68688.ssd-space.de\/modellbauclub-buxtehude.pfweb.eu\/knaus-camping-park-wingst-tag-der-offenen-tuer\/"},"author":{"name":"Dieter Eilers","@id":"https:\/\/web68688.ssd-space.de\/modellbauclub-buxtehude.pfweb.eu\/#\/schema\/person\/65fe5f8a11fbe351ee5717fbbdbc9d2d"},"headline":"Knaus Camping Park Wingst &#8211; Tag der offenen T\u00fcr","datePublished":"2022-08-23T19:06:00+00:00","dateModified":"2022-08-27T19:21:04+00:00","mainEntityOfPage":{"@id":"https:\/\/web68688.ssd-space.de\/modellbauclub-buxtehude.pfweb.eu\/knaus-camping-park-wingst-tag-der-offenen-tuer\/"},"wordCount":95,"commentCount":0,"publisher":{"@id":"https:\/\/web68688.ssd-space.de\/modellbauclub-buxtehude.pfweb.eu\/#organization"},"image":{"@id":"https:\/\/web68688.ssd-space.de\/modellbauclub-buxtehude.pfweb.eu\/knaus-camping-park-wingst-tag-der-offenen-tuer\/#primaryimage"},"thumbnailUrl":"https:\/\/web68688.ssd-space.de\/modellbauclub-buxtehude.pfweb.eu\/wp-content\/uploads\/2017\/02\/mcb_logo_farbig.png","keywords":["RC-Modellbau","Schaufahren","Schiffsmodelle"],"articleSection":["Externe Termine","Modellbauer on Tour","RC-Modellbau","Schiffsmodellbau"],"inLanguage":"de","potentialAction":[{"@type":"CommentAction","name":"Comment","target":["https:\/\/web68688.ssd-space.de\/modellbauclub-buxtehude.pfweb.eu\/knaus-camping-park-wingst-tag-der-offenen-tuer\/#respond"]}]},{"@type":"WebPage","@id":"https:\/\/web68688.ssd-space.de\/modellbauclub-buxtehude.pfweb.eu\/knaus-camping-park-wingst-tag-der-offenen-tuer\/","url":"https:\/\/web68688.ssd-space.de\/modellbauclub-buxtehude.pfweb.eu\/knaus-camping-park-wingst-tag-der-offenen-tuer\/","name":"Knaus Camping Park Wingst - Tag der offenen T\u00fcr - Modellbauclub Buxtehude e.V.","isPartOf":{"@id":"https:\/\/web68688.ssd-space.de\/modellbauclub-buxtehude.pfweb.eu\/#website"},"primaryImageOfPage":{"@id":"https:\/\/web68688.ssd-space.de\/modellbauclub-buxtehude.pfweb.eu\/knaus-camping-park-wingst-tag-der-offenen-tuer\/#primaryimage"},"image":{"@id":"https:\/\/web68688.ssd-space.de\/modellbauclub-buxtehude.pfweb.eu\/knaus-camping-park-wingst-tag-der-offenen-tuer\/#primaryimage"},"thumbnailUrl":"https:\/\/web68688.ssd-space.de\/modellbauclub-buxtehude.pfweb.eu\/wp-content\/uploads\/2017\/02\/mcb_logo_farbig.png","datePublished":"2022-08-23T19:06:00+00:00","dateModified":"2022-08-27T19:21:04+00:00","breadcrumb":{"@id":"https:\/\/web68688.ssd-space.de\/modellbauclub-buxtehude.pfweb.eu\/knaus-camping-park-wingst-tag-der-offenen-tuer\/#breadcrumb"},"inLanguage":"de","potentialAction":[{"@type":"ReadAction","target":["https:\/\/web68688.ssd-space.de\/modellbauclub-buxtehude.pfweb.eu\/knaus-camping-park-wingst-tag-der-offenen-tuer\/"]}]},{"@type":"ImageObject","inLanguage":"de","@id":"https:\/\/web68688.ssd-space.de\/modellbauclub-buxtehude.pfweb.eu\/knaus-camping-park-wingst-tag-der-offenen-tuer\/#primaryimage","url":"https:\/\/web68688.ssd-space.de\/modellbauclub-buxtehude.pfweb.eu\/wp-content\/uploads\/2017\/02\/mcb_logo_farbig.png","contentUrl":"https:\/\/web68688.ssd-space.de\/modellbauclub-buxtehude.pfweb.eu\/wp-content\/uploads\/2017\/02\/mcb_logo_farbig.png","width":354,"height":365,"caption":"MCB-Logo"},{"@type":"BreadcrumbList","@id":"https:\/\/web68688.ssd-space.de\/modellbauclub-buxtehude.pfweb.eu\/knaus-camping-park-wingst-tag-der-offenen-tuer\/#breadcrumb","itemListElement":[{"@type":"ListItem","position":1,"name":"Startseite","item":"https:\/\/web68688.ssd-space.de\/modellbauclub-buxtehude.pfweb.eu\/"},{"@type":"ListItem","position":2,"name":"Knaus Camping Park Wingst &#8211; Tag der offenen T\u00fcr"}]},{"@type":"WebSite","@id":"https:\/\/web68688.ssd-space.de\/modellbauclub-buxtehude.pfweb.eu\/#website","url":"https:\/\/web68688.ssd-space.de\/modellbauclub-buxtehude.pfweb.eu\/","name":"Modellbauclub Buxtehude e.V.","description":"Willkommen auf unserer Homepage","publisher":{"@id":"https:\/\/web68688.ssd-space.de\/modellbauclub-buxtehude.pfweb.eu\/#organization"},"potentialAction":[{"@type":"SearchAction","target":{"@type":"EntryPoint","urlTemplate":"https:\/\/web68688.ssd-space.de\/modellbauclub-buxtehude.pfweb.eu\/?s={search_term_string}"},"query-input":{"@type":"PropertyValueSpecification","valueRequired":true,"valueName":"search_term_string"}}],"inLanguage":"de"},{"@type":"Organization","@id":"https:\/\/web68688.ssd-space.de\/modellbauclub-buxtehude.pfweb.eu\/#organization","name":"Modellbauclub Buxtehude e.V.","url":"https:\/\/web68688.ssd-space.de\/modellbauclub-buxtehude.pfweb.eu\/","logo":{"@type":"ImageObject","inLanguage":"de","@id":"https:\/\/web68688.ssd-space.de\/modellbauclub-buxtehude.pfweb.eu\/#\/schema\/logo\/image\/","url":"https:\/\/web68688.ssd-space.de\/modellbauclub-buxtehude.pfweb.eu\/wp-content\/uploads\/2017\/02\/mcb_logo_farbig.png","contentUrl":"https:\/\/web68688.ssd-space.de\/modellbauclub-buxtehude.pfweb.eu\/wp-content\/uploads\/2017\/02\/mcb_logo_farbig.png","width":354,"height":365,"caption":"Modellbauclub Buxtehude e.V."},"image":{"@id":"https:\/\/web68688.ssd-space.de\/modellbauclub-buxtehude.pfweb.eu\/#\/schema\/logo\/image\/"},"sameAs":["https:\/\/www.facebook.com\/Modellbauclub.buxtehude\/?ref=page_internal"]},{"@type":"Person","@id":"https:\/\/web68688.ssd-space.de\/modellbauclub-buxtehude.pfweb.eu\/#\/schema\/person\/65fe5f8a11fbe351ee5717fbbdbc9d2d","name":"Dieter Eilers","image":{"@type":"ImageObject","inLanguage":"de","@id":"https:\/\/secure.gravatar.com\/avatar\/1f223e248bd83f9ea6fcbfcb2617f15e5172fd06ecc3c0daeec702d18d44659b?s=96&d=mm&r=g","url":"https:\/\/secure.gravatar.com\/avatar\/1f223e248bd83f9ea6fcbfcb2617f15e5172fd06ecc3c0daeec702d18d44659b?s=96&d=mm&r=g","contentUrl":"https:\/\/secure.gravatar.com\/avatar\/1f223e248bd83f9ea6fcbfcb2617f15e5172fd06ecc3c0daeec702d18d44659b?s=96&d=mm&r=g","caption":"Dieter Eilers"},"url":"https:\/\/web68688.ssd-space.de\/modellbauclub-buxtehude.pfweb.eu\/author\/dieter\/"}]}},"_links":{"self":[{"href":"https:\/\/web68688.ssd-space.de\/modellbauclub-buxtehude.pfweb.eu\/wp-json\/wp\/v2\/posts\/1594","targetHints":{"allow":["GET"]}}],"collection":[{"href":"https:\/\/web68688.ssd-space.de\/modellbauclub-buxtehude.pfweb.eu\/wp-json\/wp\/v2\/posts"}],"about":[{"href":"https:\/\/web68688.ssd-space.de\/modellbauclub-buxtehude.pfweb.eu\/wp-json\/wp\/v2\/types\/post"}],"author":[{"embeddable":true,"href":"https:\/\/web68688.ssd-space.de\/modellbauclub-buxtehude.pfweb.eu\/wp-json\/wp\/v2\/users\/5"}],"replies":[{"embeddable":true,"href":"https:\/\/web68688.ssd-space.de\/modellbauclub-buxtehude.pfweb.eu\/wp-json\/wp\/v2\/comments?post=1594"}],"version-history":[{"count":2,"href":"https:\/\/web68688.ssd-space.de\/modellbauclub-buxtehude.pfweb.eu\/wp-json\/wp\/v2\/posts\/1594\/revisions"}],"predecessor-version":[{"id":1601,"href":"https:\/\/web68688.ssd-space.de\/modellbauclub-buxtehude.pfweb.eu\/wp-json\/wp\/v2\/posts\/1594\/revisions\/1601"}],"wp:featuredmedia":[{"embeddable":true,"href":"https:\/\/web68688.ssd-space.de\/modellbauclub-buxtehude.pfweb.eu\/wp-json\/wp\/v2\/media\/113"}],"wp:attachment":[{"href":"https:\/\/web68688.ssd-space.de\/modellbauclub-buxtehude.pfweb.eu\/wp-json\/wp\/v2\/media?parent=1594"}],"wp:term":[{"taxonomy":"category","embeddable":true,"href":"https:\/\/web68688.ssd-space.de\/modellbauclub-buxtehude.pfweb.eu\/wp-json\/wp\/v2\/categories?post=1594"},{"taxonomy":"post_tag","embeddable":true,"href":"https:\/\/web68688.ssd-space.de\/modellbauclub-buxtehude.pfweb.eu\/wp-json\/wp\/v2\/tags?post=1594"}],"curies":[{"name":"wp","href":"https:\/\/api.w.org\/{rel}","templated":true}]}}